{"id":3315,"date":"2026-08-22T12:45:17","date_gmt":"2026-08-22T10:45:17","guid":{"rendered":"https:\/\/www.essenz.vision\/?p=3315"},"modified":"2026-08-22T12:47:09","modified_gmt":"2026-08-22T10:47:09","slug":"geranium-mein-absoluter-favorit","status":"publish","type":"post","link":"https:\/\/www.essenz.vision\/index.php\/2026\/08\/22\/geranium-mein-absoluter-favorit\/","title":{"rendered":"Geranium &#8211; mein absoluter Favorit"},"content":{"rendered":"<p>Ein \u00e4therisches \u00d6l auf das ich immer wieder sehr gerne zur\u00fcckgreife ist Geranium (&#8222;Rosengeranien\u00f6l&#8220;).<\/p>\n<p>Botanischer Name: Pelargonium graveolens.<\/p>\n<p>Das \u00d6l der Liebe und des Vertrauens.<\/p>\n<p>Ein \u00d6l, an das ich mich langsam herangetastet habe. Beim ersten Schnuppern war ich eher skeptisch. Ich glaube ich hatte mir damals einfach einen anderen Duft vorgestellt als es um dieses Thema ging.\u00a0 Aber nach einigen Anwendungen f\u00fchlte ich mich immer st\u00e4rker zu dem \u00d6l hingezogen. Und heute kann ich meine anf\u00e4ngliche Skepsis gar nicht mehr verstehen und m\u00f6chte das \u00d6l f\u00fcr meine t\u00e4glichen Routinen nicht mehr missen.<\/p>\n<p>Am liebsten gebe ich einige Tropfen Geranium \u00d6l in die neutrale SPA Hand- &amp; Bodylotion von d\u014dTERRA. Diese leichte Bodylotion enth\u00e4lt die \u00d6le von Jojoba- und Macadamiasamen, Murumuru- und Kakaobutter sowie weitere n\u00e4hrende Pflanzenextrakte. Die Lotion l\u00e4sst sich wunderbar auf die Haut auftragen und man kann sie perfekt mit \u00e4therischen \u00d6len kombinieren. Die Haut f\u00fchlt sich nach dem Auftragen samtig weich und geschmeidig an, und kleine Blessuren verschwinden im Nu. In Kombination mit dem Geranium \u00d6l f\u00fchle ich mich jedes Mal wie in einen warmen Schutzmantel eingeh\u00fcllt.. Es f\u00fchlt sich f\u00fcr mich an wie eine liebevolle Umarmung. Der wunderbare florale Duft h\u00e4lt den ganzen Tag an, und ich bin schon des \u00d6fteren darauf angesprochen worden welches &#8222;Parfum&#8220; ich denn aufgetragen h\u00e4tte :)<\/p>\n<p>Mein pers\u00f6nlicher Tipp: Trage diese Mischung doch einmal auf sonnenstrapazierter Haut auf und lass Dich von der beruhigenden und hautpflegenden Wirkung verw\u00f6hnen.<\/p>\n","protected":false},"excerpt":{"rendered":"<p>Ein \u00e4therisches \u00d6l auf das ich immer wieder sehr gerne zur\u00fcckgreife ist Geranium (&#8222;Rosengeranien\u00f6l&#8220;). Botanischer Name: Pelargonium graveolens. Das \u00d6l der Liebe und des Vertrauens. Ein \u00d6l, an das ich<\/p>\n","protected":false},"author":2,"featured_media":3320,"comment_status":"open","ping_status":"open","sticky":false,"template":"","format":"standard","meta":{"_acf_changed":false,"footnotes":""},"categories":[85],"tags":[],"class_list":["post-3315","post","type-post","status-publish","format-standard","has-post-thumbnail","hentry","category-mein-lieblingsoel"],"acf":[],"_links":{"self":[{"href":"https:\/\/www.essenz.vision\/index.php\/wp-json\/wp\/v2\/posts\/3315","targetHints":{"allow":["GET"]}}],"collection":[{"href":"https:\/\/www.essenz.vision\/index.php\/wp-json\/wp\/v2\/posts"}],"about":[{"href":"https:\/\/www.essenz.vision\/index.php\/wp-json\/wp\/v2\/types\/post"}],"author":[{"embeddable":true,"href":"https:\/\/www.essenz.vision\/index.php\/wp-json\/wp\/v2\/users\/2"}],"replies":[{"embeddable":true,"href":"https:\/\/www.essenz.vision\/index.php\/wp-json\/wp\/v2\/comments?post=3315"}],"version-history":[{"count":5,"href":"https:\/\/www.essenz.vision\/index.php\/wp-json\/wp\/v2\/posts\/3315\/revisions"}],"predecessor-version":[{"id":3322,"href":"https:\/\/www.essenz.vision\/index.php\/wp-json\/wp\/v2\/posts\/3315\/revisions\/3322"}],"wp:featuredmedia":[{"embeddable":true,"href":"https:\/\/www.essenz.vision\/index.php\/wp-json\/wp\/v2\/media\/3320"}],"wp:attachment":[{"href":"https:\/\/www.essenz.vision\/index.php\/wp-json\/wp\/v2\/media?parent=3315"}],"wp:term":[{"taxonomy":"category","embeddable":true,"href":"https:\/\/www.essenz.vision\/index.php\/wp-json\/wp\/v2\/categories?post=3315"},{"taxonomy":"post_tag","embeddable":true,"href":"https:\/\/www.essenz.vision\/index.php\/wp-json\/wp\/v2\/tags?post=3315"}],"curies":[{"name":"wp","href":"https:\/\/api.w.org\/{rel}","templated":true}]}}