{"id":3325,"global_id":"www.essenz.vision?id=3325","global_id_lineage":["www.essenz.vision?id=3325"],"author":"2","status":"publish","date":"2026-08-22 14:53:56","date_utc":"2026-08-22 12:53:56","modified":"2026-09-01 14:56:44","modified_utc":"2026-09-01 12:56:44","url":"https:\/\/www.essenz.vision\/index.php\/event\/winterwald-wohlfuehlzeit\/","rest_url":"https:\/\/www.essenz.vision\/index.php\/wp-json\/tribe\/events\/v1\/events\/3325","title":"Winterwald &#038; Wohlf\u00fchlzeit","description":"<p><strong>COMING SOON &#8211; FEBRUAR 2027<\/strong><\/p>\n<p><strong>Zwischen Schnee, Stille und Duft.<\/strong><\/p>\n<p><strong> Waldbaden im Winterwald mit Yoga und \u00e4therischen \u00d6len.<\/strong><\/p>\n<p>Tauche ein in eine Auszeit voller achtsamer Momente. Waldbaden im sanften Winterlicht, wohltuendes Yoga und die Kraft w\u00e4rmender \u00e4therischer \u00d6le.<\/p>\n<p>G\u00f6nn Dir Zeit f\u00fcr K\u00f6rper, Geist und Seele &#8211; mitten in der ruhigen Sch\u00f6nheit des Waldes.<\/p>\n<p>Weitere INFOS zu diesem besonderen Wochenend-Retreat folgen in K\u00fcrze.<\/p>","excerpt":"","slug":"winterwald-wohlfuehlzeit","image":false,"all_day":true,"start_date":"2027-02-04 00:00:00","start_date_details":{"year":"2027","month":"02","day":"04","hour":"00","minutes":"00","seconds":"00"},"end_date":"2027-02-06 23:59:59","end_date_details":{"year":"2027","month":"02","day":"06","hour":"23","minutes":"59","seconds":"59"},"utc_start_date":"2027-02-03 23:00:00","utc_start_date_details":{"year":"2027","month":"02","day":"03","hour":"23","minutes":"00","seconds":"00"},"utc_end_date":"2027-02-06 22:59:59","utc_end_date_details":{"year":"2027","month":"02","day":"06","hour":"22","minutes":"59","seconds":"59"},"timezone":"Europe\/Berlin","timezone_abbr":"CET","cost":"","cost_details":{"currency_symbol":"\u20ac","currency_code":"\u20ac","currency_position":"suffix","values":[]},"website":"","show_map":false,"show_map_link":true,"hide_from_listings":false,"sticky":false,"featured":true,"categories":[{"name":"Event","slug":"event","term_group":0,"term_taxonomy_id":63,"taxonomy":"tribe_events_cat","description":"","parent":0,"count":12,"filter":"raw","id":63,"urls":{"self":"https:\/\/www.essenz.vision\/index.php\/wp-json\/tribe\/events\/v1\/categories\/63","collection":"https:\/\/www.essenz.vision\/index.php\/wp-json\/tribe\/events\/v1\/categories"}}],"tags":[],"venue":[],"organizer":[],"custom_fields":[],"json_ld":{"@context":"http:\/\/schema.org","@type":"Event","name":"Winterwald &#038; Wohlf\u00fchlzeit","description":"&lt;p&gt;COMING SOON - FEBRUAR 2027 Zwischen Schnee, Stille und Duft. Waldbaden im Winterwald mit Yoga und \u00e4therischen \u00d6len. Tauche ein in eine Auszeit voller achtsamer Momente. Waldbaden im sanften Winterlicht,&lt;\/p&gt;\\n","url":"https:\/\/www.essenz.vision\/index.php\/event\/winterwald-wohlfuehlzeit\/","eventAttendanceMode":"https:\/\/schema.org\/OfflineEventAttendanceMode","eventStatus":"https:\/\/schema.org\/EventScheduled","startDate":"2027-02-04T00:00:00+01:00","endDate":"2027-02-06T23:59:59+01:00","performer":"Organization"}}