{"id":2574,"global_id":"www.essenz.vision?id=2574","global_id_lineage":["www.essenz.vision?id=2574"],"author":"2","status":"publish","date":"2025-04-14 15:46:56","date_utc":"2025-04-14 13:46:56","modified":"2026-02-07 15:20:21","modified_utc":"2026-02-07 14:20:21","url":"https:\/\/www.essenz.vision\/index.php\/event\/duftreise-4\/","rest_url":"https:\/\/www.essenz.vision\/index.php\/wp-json\/tribe\/events\/v1\/events\/2574","title":"Duftreise &#8211; Selbstliebe","description":"<p><strong>Sich selbst mit Freundlichkeit, Liebe und Respekt begegnen &#8211;<\/strong><\/p>\n<p>Selbstliebe ist eine Einladung, dir selbst achtsam zu begegnen. Es ist das leise Ja zu deinen Bed\u00fcrfnissen, deinen Grenzen und auch zu deinen Unvollkommenheiten. Diese gef\u00fchrte Duftreise f\u00fchrt dich sanft nach innen &#8211; zu Ruhe, W\u00e4rme und innerer Balance. Mit jedem Atemzug darfst du loslassen, was dich beschwert, und annehmen, was dich st\u00e4rkt. Du bist genug, genauso wie du bist, und dieser Moment geh\u00f6rt ganz dir.\u00a0Ausgew\u00e4hlte \u00e4therische \u00d6le begleiten dich auf deiner Reise zu dir selbst.<\/p>\n<p>Vor Beginn stelle ich dir die eingesetzten \u00d6le vor, erkl\u00e4re ihre Wirkungsweise und gebe dir wertvolle Tipps zur Anwendung im Alltag. Du lernst, wie du die Kraft der Natur gezielt f\u00fcr dich nutzen kannst \u2013 sei es zur Entspannung, zur St\u00e4rkung oder zum Loslassen.<\/p>\n<p>F\u00dcR DEINE PERS\u00d6NLICHE WOHLF\u00dcHLZEIT: Bitte bring eine Matte, Decke, ein Kissen und bequeme Kleidung mit!<\/p>\n<p>&#8212;&#8212;&#8212;&#8212;&#8212;&#8212;&#8212;&#8212;&#8212;&#8212;&#8212;&#8212;&#8212;<\/p>\n<p>Du m\u00f6chtest teilnehmen?<br \/>\nMerke Dir das Datum und buche direkt per Mail!<\/p>\n<p>&#8212;&#8212;&#8212;&#8212;&#8212;&#8212;&#8212;&#8212;&#8212;&#8212;&#8212;&#8212;&#8212;<\/p>\n<div class=\"fusion-button-wrapper\"><a class=\"fusion-button button-flat fusion-button-default-size button-custom fusion-button-default button-1 fusion-button-default-span fusion-button-default-type\" style=\"--button_accent_color:var(--awb-color1);--button_accent_hover_color:var(--awb-color1);--button_border_hover_color:var(--awb-color1);--button_gradient_top_color:var(--awb-color4);--button_gradient_bottom_color:var(--awb-color4);--button_gradient_top_color_hover:hsla(var(--awb-color5-h),var(--awb-color5-s),calc(var(--awb-color5-l) + 10%),var(--awb-color5-a));--button_gradient_bottom_color_hover:hsla(var(--awb-color5-h),var(--awb-color5-s),calc(var(--awb-color5-l) + 10%),var(--awb-color5-a));\" target=\"_self\" href=\".\/buchen\"><i class=\"fa-envelope-open-text fas awb-button__icon awb-button__icon--default button-icon-left\" aria-hidden=\"true\"><\/i><span class=\"fusion-button-text awb-button__text awb-button__text--default\">Jetzt per Mail buchen<\/span><\/a><\/div>","excerpt":"","slug":"duftreise-4","image":{"url":"https:\/\/www.essenz.vision\/wp-content\/uploads\/2025\/04\/IMG_5246-2-e1770474003174.jpeg","id":3248,"extension":"jpeg","width":691,"height":453,"filesize":82831,"sizes":{"medium":{"width":300,"height":197,"mime-type":"image\/jpeg","filesize":15953,"url":"https:\/\/www.essenz.vision\/wp-content\/uploads\/2025\/04\/IMG_5246-2-e1770474003174-300x197.jpeg"},"thumbnail":{"width":150,"height":150,"mime-type":"image\/jpeg","filesize":6924,"url":"https:\/\/www.essenz.vision\/wp-content\/uploads\/2025\/04\/IMG_5246-2-e1770474003174-150x150.jpeg"},"blog-large":{"width":669,"height":272,"mime-type":"image\/jpeg","filesize":43744,"url":"https:\/\/www.essenz.vision\/wp-content\/uploads\/2025\/04\/IMG_5246-2-e1770474003174-669x272.jpeg"},"blog-medium":{"width":320,"height":202,"mime-type":"image\/jpeg","filesize":17282,"url":"https:\/\/www.essenz.vision\/wp-content\/uploads\/2025\/04\/IMG_5246-2-e1770474003174-320x202.jpeg"},"recent-posts":{"width":691,"height":441,"mime-type":"image\/jpeg","filesize":79495,"url":"https:\/\/www.essenz.vision\/wp-content\/uploads\/2025\/04\/IMG_5246-2-e1770474003174-691x441.jpeg"},"recent-works-thumbnail":{"width":66,"height":66,"mime-type":"image\/jpeg","filesize":2081,"url":"https:\/\/www.essenz.vision\/wp-content\/uploads\/2025\/04\/IMG_5246-2-e1770474003174-66x66.jpeg"},"fusion-200":{"width":200,"height":131,"mime-type":"image\/jpeg","filesize":8020,"url":"https:\/\/www.essenz.vision\/wp-content\/uploads\/2025\/04\/IMG_5246-2-e1770474003174-200x131.jpeg"},"fusion-400":{"width":400,"height":262,"mime-type":"image\/jpeg","filesize":26581,"url":"https:\/\/www.essenz.vision\/wp-content\/uploads\/2025\/04\/IMG_5246-2-e1770474003174-400x262.jpeg"},"fusion-600":{"width":600,"height":393,"mime-type":"image\/jpeg","filesize":55581,"url":"https:\/\/www.essenz.vision\/wp-content\/uploads\/2025\/04\/IMG_5246-2-e1770474003174-600x393.jpeg"},"portfolio-full":{"width":691,"height":400,"mime-type":"image\/jpeg","filesize":75020,"url":"https:\/\/www.essenz.vision\/wp-content\/uploads\/2025\/04\/IMG_5246-2-e1770474003174-691x400.jpeg"},"portfolio-one":{"width":540,"height":272,"mime-type":"image\/jpeg","filesize":36611,"url":"https:\/\/www.essenz.vision\/wp-content\/uploads\/2025\/04\/IMG_5246-2-e1770474003174-540x272.jpeg"},"portfolio-two":{"width":460,"height":295,"mime-type":"image\/jpeg","filesize":33801,"url":"https:\/\/www.essenz.vision\/wp-content\/uploads\/2025\/04\/IMG_5246-2-e1770474003174-460x295.jpeg"},"portfolio-three":{"width":300,"height":214,"mime-type":"image\/jpeg","filesize":17170,"url":"https:\/\/www.essenz.vision\/wp-content\/uploads\/2025\/04\/IMG_5246-2-e1770474003174-300x214.jpeg"},"portfolio-five":{"width":177,"height":142,"mime-type":"image\/jpeg","filesize":7629,"url":"https:\/\/www.essenz.vision\/wp-content\/uploads\/2025\/04\/IMG_5246-2-e1770474003174-177x142.jpeg"}}},"all_day":false,"start_date":"2026-04-24 19:00:00","start_date_details":{"year":"2026","month":"04","day":"24","hour":"19","minutes":"00","seconds":"00"},"end_date":"2026-04-24 21:00:00","end_date_details":{"year":"2026","month":"04","day":"24","hour":"21","minutes":"00","seconds":"00"},"utc_start_date":"2026-04-24 17:00:00","utc_start_date_details":{"year":"2026","month":"04","day":"24","hour":"17","minutes":"00","seconds":"00"},"utc_end_date":"2026-04-24 19:00:00","utc_end_date_details":{"year":"2026","month":"04","day":"24","hour":"19","minutes":"00","seconds":"00"},"timezone":"Europe\/Berlin","timezone_abbr":"CEST","cost":"25.00\u20ac","cost_details":{"currency_symbol":"\u20ac","currency_code":"\u20ac","currency_position":"suffix","values":["25.00"]},"website":"","show_map":false,"show_map_link":true,"hide_from_listings":false,"sticky":false,"featured":false,"categories":[{"name":"Event","slug":"event","term_group":0,"term_taxonomy_id":63,"taxonomy":"tribe_events_cat","description":"","parent":0,"count":10,"filter":"raw","id":63,"urls":{"self":"https:\/\/www.essenz.vision\/index.php\/wp-json\/tribe\/events\/v1\/categories\/63","collection":"https:\/\/www.essenz.vision\/index.php\/wp-json\/tribe\/events\/v1\/categories"}}],"tags":[],"venue":{"id":2530,"author":"2","status":"publish","date":"2025-04-08 13:33:58","date_utc":"2025-04-08 11:33:58","modified":"2025-07-12 16:58:25","modified_utc":"2025-07-12 14:58:25","url":"https:\/\/www.essenz.vision\/index.php\/veranstaltungsort\/gemeindezentrum-nagel\/","venue":"Gemeindezentrum Nagel","slug":"gemeindezentrum-nagel","address":"Wunsiedler Str. 25","city":"95697","country":"Germany","province":"Bayern","zip":"95697","stateprovince":"Bayern","json_ld":{"@type":"Place","name":"Gemeindezentrum Nagel","description":"","url":"","address":{"@type":"PostalAddress","streetAddress":"Wunsiedler Str. 25","addressLocality":"95697","addressRegion":"Bayern","postalCode":"95697","addressCountry":"Germany"},"telephone":"","sameAs":""},"show_map":false,"show_map_link":true,"global_id":"www.essenz.vision?id=2530","global_id_lineage":["www.essenz.vision?id=2530"]},"organizer":[],"custom_fields":[],"json_ld":{"@context":"http:\/\/schema.org","@type":"Event","name":"Duftreise &#8211; Selbstliebe","description":"&lt;p&gt;Sich selbst mit Freundlichkeit, Liebe und Respekt begegnen - Selbstliebe ist eine Einladung, dir selbst achtsam zu begegnen. Es ist das leise Ja zu deinen Bed\u00fcrfnissen, deinen Grenzen und auch&lt;\/p&gt;\\n","image":"https:\/\/www.essenz.vision\/wp-content\/uploads\/2025\/04\/IMG_5246-2-e1770474003174.jpeg","url":"https:\/\/www.essenz.vision\/index.php\/event\/duftreise-4\/","eventAttendanceMode":"https:\/\/schema.org\/OfflineEventAttendanceMode","eventStatus":"https:\/\/schema.org\/EventScheduled","startDate":"2026-04-24T19:00:00+02:00","endDate":"2026-04-24T21:00:00+02:00","location":{"@type":"Place","name":"Gemeindezentrum Nagel","description":"","url":"","address":{"@type":"PostalAddress","streetAddress":"Wunsiedler Str. 25","addressLocality":"95697","addressRegion":"Bayern","postalCode":"95697","addressCountry":"Germany"},"telephone":"","sameAs":""},"offers":{"@type":"Offer","price":"25.00","priceCurrency":"\u20ac","url":"https:\/\/www.essenz.vision\/index.php\/event\/duftreise-4\/","category":"primary","availability":"inStock","validFrom":"1970-01-01T00:00:00+00:00"},"performer":"Organization"}}